{"id":143,"date":"2026-03-19T20:35:22","date_gmt":"2026-03-19T20:35:22","guid":{"rendered":"https:\/\/poesiaobscena.com.br\/?p=143"},"modified":"2026-03-19T20:37:09","modified_gmt":"2026-03-19T20:37:09","slug":"tocar-tua-buceta-amor","status":"publish","type":"post","link":"https:\/\/poesiaobscena.com.br\/?p=143","title":{"rendered":"TOCAR TUA BUCETA, AMOR"},"content":{"rendered":"\n<p class=\"has-drop-cap\">tocar tua buceta, amor<br>mais que minha m\u00e3o<br>meu pau almeja<br>e apanho-a plena<br>em meu pensamento<br>sempre que bato punheta<br>tocar tua buceta, amor<br>e depois de toc\u00e1-la<br>sentir-te inteira<br>quando agarras meu pau<br>tua buceta que em \u00eaxtase estreitas<\/p>\n","protected":false},"excerpt":{"rendered":"<p>tocar tua buceta, amormais que minha m\u00e3omeu pau almejae apanho-a plenaem meu pensamentosempre que bato punhetatocar tua buceta, amore depois de toc\u00e1-lasentir-te inteiraquando agarras meu pautua buceta que em \u00eaxtase estreitas<\/p>\n","protected":false},"author":1,"featured_media":0,"comment_status":"open","ping_status":"open","sticky":false,"template":"","format":"standard","meta":[],"categories":[2],"tags":[],"_links":{"self":[{"href":"https:\/\/poesiaobscena.com.br\/index.php?rest_route=\/wp\/v2\/posts\/143"}],"collection":[{"href":"https:\/\/poesiaobscena.com.br\/index.php?rest_route=\/wp\/v2\/posts"}],"about":[{"href":"https:\/\/poesiaobscena.com.br\/index.php?rest_route=\/wp\/v2\/types\/post"}],"author":[{"embeddable":true,"href":"https:\/\/poesiaobscena.com.br\/index.php?rest_route=\/wp\/v2\/users\/1"}],"replies":[{"embeddable":true,"href":"https:\/\/poesiaobscena.com.br\/index.php?rest_route=%2Fwp%2Fv2%2Fcomments&post=143"}],"version-history":[{"count":3,"href":"https:\/\/poesiaobscena.com.br\/index.php?rest_route=\/wp\/v2\/posts\/143\/revisions"}],"predecessor-version":[{"id":146,"href":"https:\/\/poesiaobscena.com.br\/index.php?rest_route=\/wp\/v2\/posts\/143\/revisions\/146"}],"wp:attachment":[{"href":"https:\/\/poesiaobscena.com.br\/index.php?rest_route=%2Fwp%2Fv2%2Fmedia&parent=143"}],"wp:term":[{"taxonomy":"category","embeddable":true,"href":"https:\/\/poesiaobscena.com.br\/index.php?rest_route=%2Fwp%2Fv2%2Fcategories&post=143"},{"taxonomy":"post_tag","embeddable":true,"href":"https:\/\/poesiaobscena.com.br\/index.php?rest_route=%2Fwp%2Fv2%2Ftags&post=143"}],"curies":[{"name":"wp","href":"https:\/\/api.w.org\/{rel}","templated":true}]}}