{"id":167,"date":"2026-03-21T17:25:36","date_gmt":"2026-03-21T17:25:36","guid":{"rendered":"https:\/\/poesiaobscena.com.br\/?p=167"},"modified":"2026-03-21T17:25:36","modified_gmt":"2026-03-21T17:25:36","slug":"endurece-meu-pau-sabe-la-femea","status":"publish","type":"post","link":"https:\/\/poesiaobscena.com.br\/?p=167","title":{"rendered":"ENDURECE MEU PAU SAB\u00ca-LA F\u00caMEA"},"content":{"rendered":"\n<p class=\"has-drop-cap\">endurece meu pau sab\u00ea-la f\u00eamea<br>poderosa senda de del\u00edrio e gozo<br>mais que vaso de meu esporro<br>mas a plena dama que domina<br>toda pulsa\u00e7\u00e3o de meu corpo<\/p>\n","protected":false},"excerpt":{"rendered":"<p>endurece meu pau sab\u00ea-la f\u00eameapoderosa senda de del\u00edrio e gozomais que vaso de meu esporromas a plena dama que dominatoda pulsa\u00e7\u00e3o de meu corpo<\/p>\n","protected":false},"author":1,"featured_media":0,"comment_status":"open","ping_status":"open","sticky":false,"template":"","format":"standard","meta":[],"categories":[2],"tags":[],"_links":{"self":[{"href":"https:\/\/poesiaobscena.com.br\/index.php?rest_route=\/wp\/v2\/posts\/167"}],"collection":[{"href":"https:\/\/poesiaobscena.com.br\/index.php?rest_route=\/wp\/v2\/posts"}],"about":[{"href":"https:\/\/poesiaobscena.com.br\/index.php?rest_route=\/wp\/v2\/types\/post"}],"author":[{"embeddable":true,"href":"https:\/\/poesiaobscena.com.br\/index.php?rest_route=\/wp\/v2\/users\/1"}],"replies":[{"embeddable":true,"href":"https:\/\/poesiaobscena.com.br\/index.php?rest_route=%2Fwp%2Fv2%2Fcomments&post=167"}],"version-history":[{"count":1,"href":"https:\/\/poesiaobscena.com.br\/index.php?rest_route=\/wp\/v2\/posts\/167\/revisions"}],"predecessor-version":[{"id":168,"href":"https:\/\/poesiaobscena.com.br\/index.php?rest_route=\/wp\/v2\/posts\/167\/revisions\/168"}],"wp:attachment":[{"href":"https:\/\/poesiaobscena.com.br\/index.php?rest_route=%2Fwp%2Fv2%2Fmedia&parent=167"}],"wp:term":[{"taxonomy":"category","embeddable":true,"href":"https:\/\/poesiaobscena.com.br\/index.php?rest_route=%2Fwp%2Fv2%2Fcategories&post=167"},{"taxonomy":"post_tag","embeddable":true,"href":"https:\/\/poesiaobscena.com.br\/index.php?rest_route=%2Fwp%2Fv2%2Ftags&post=167"}],"curies":[{"name":"wp","href":"https:\/\/api.w.org\/{rel}","templated":true}]}}