{"id":169,"date":"2026-03-21T17:32:31","date_gmt":"2026-03-21T17:32:31","guid":{"rendered":"https:\/\/poesiaobscena.com.br\/?p=169"},"modified":"2026-03-21T17:32:31","modified_gmt":"2026-03-21T17:32:31","slug":"quando-suavemente-aliso","status":"publish","type":"post","link":"https:\/\/poesiaobscena.com.br\/?p=169","title":{"rendered":"QUANDO SUAVEMENTE ALISO"},"content":{"rendered":"\n<p class=\"has-drop-cap\">ent\u00e3o suavemente aliso<br>a borda de teu cuzinho<br>com a cabe\u00e7a do meu pau<br>enquanto entonas com teu canto<br>de felina manhosa<br>o t\u00f4nus de minha pica<br>fa\u00e7a de mim tua lira<br>\u00e1vida de tua beleza<br>em que doas o del\u00edrio<br>o engenho e a destreza<br>da arte de fod\u00ea-la inteira<\/p>\n","protected":false},"excerpt":{"rendered":"<p>ent\u00e3o suavemente alisoa borda de teu cuzinhocom a cabe\u00e7a do meu pauenquanto entonas com teu cantode felina manhosao t\u00f4nus de minha picafa\u00e7a de mim tua lira\u00e1vida de tua belezaem que doas o del\u00edrioo engenho e a destrezada arte de fod\u00ea-la inteira<\/p>\n","protected":false},"author":1,"featured_media":0,"comment_status":"open","ping_status":"open","sticky":false,"template":"","format":"standard","meta":[],"categories":[2],"tags":[],"_links":{"self":[{"href":"https:\/\/poesiaobscena.com.br\/index.php?rest_route=\/wp\/v2\/posts\/169"}],"collection":[{"href":"https:\/\/poesiaobscena.com.br\/index.php?rest_route=\/wp\/v2\/posts"}],"about":[{"href":"https:\/\/poesiaobscena.com.br\/index.php?rest_route=\/wp\/v2\/types\/post"}],"author":[{"embeddable":true,"href":"https:\/\/poesiaobscena.com.br\/index.php?rest_route=\/wp\/v2\/users\/1"}],"replies":[{"embeddable":true,"href":"https:\/\/poesiaobscena.com.br\/index.php?rest_route=%2Fwp%2Fv2%2Fcomments&post=169"}],"version-history":[{"count":1,"href":"https:\/\/poesiaobscena.com.br\/index.php?rest_route=\/wp\/v2\/posts\/169\/revisions"}],"predecessor-version":[{"id":170,"href":"https:\/\/poesiaobscena.com.br\/index.php?rest_route=\/wp\/v2\/posts\/169\/revisions\/170"}],"wp:attachment":[{"href":"https:\/\/poesiaobscena.com.br\/index.php?rest_route=%2Fwp%2Fv2%2Fmedia&parent=169"}],"wp:term":[{"taxonomy":"category","embeddable":true,"href":"https:\/\/poesiaobscena.com.br\/index.php?rest_route=%2Fwp%2Fv2%2Fcategories&post=169"},{"taxonomy":"post_tag","embeddable":true,"href":"https:\/\/poesiaobscena.com.br\/index.php?rest_route=%2Fwp%2Fv2%2Ftags&post=169"}],"curies":[{"name":"wp","href":"https:\/\/api.w.org\/{rel}","templated":true}]}}