{"id":171,"date":"2026-03-21T17:40:50","date_gmt":"2026-03-21T17:40:50","guid":{"rendered":"https:\/\/poesiaobscena.com.br\/?p=171"},"modified":"2026-03-21T17:40:50","modified_gmt":"2026-03-21T17:40:50","slug":"ao-te-ver-nua","status":"publish","type":"post","link":"https:\/\/poesiaobscena.com.br\/?p=171","title":{"rendered":"AO TE VER NUA"},"content":{"rendered":"\n<p class=\"has-drop-cap\">ao te ver nua<br>sinto permanente anseio<br>de semear-me em louvor<br>\u00e0 tua presen\u00e7a plena<br>ao te contemplar inteira<br>mais que tua vis\u00e3o serena<br>tenho em mim o del\u00edrio<br>de sab\u00ea-la nua sempre<br>em tudo que compreende<br>esta breve exist\u00eancia<br>em que concede<br>al\u00edvio e supl\u00edcio<br>para minha infinita sede<\/p>\n","protected":false},"excerpt":{"rendered":"<p>ao te ver nuasinto permanente anseiode semear-me em louvor\u00e0 tua presen\u00e7a plenaao te contemplar inteiramais que tua vis\u00e3o serenatenho em mim o del\u00edriode sab\u00ea-la nua sempreem tudo que compreendeesta breve exist\u00eanciaem que concedeal\u00edvio e supl\u00edciopara minha infinita sede<\/p>\n","protected":false},"author":1,"featured_media":0,"comment_status":"open","ping_status":"open","sticky":false,"template":"","format":"standard","meta":[],"categories":[2],"tags":[],"_links":{"self":[{"href":"https:\/\/poesiaobscena.com.br\/index.php?rest_route=\/wp\/v2\/posts\/171"}],"collection":[{"href":"https:\/\/poesiaobscena.com.br\/index.php?rest_route=\/wp\/v2\/posts"}],"about":[{"href":"https:\/\/poesiaobscena.com.br\/index.php?rest_route=\/wp\/v2\/types\/post"}],"author":[{"embeddable":true,"href":"https:\/\/poesiaobscena.com.br\/index.php?rest_route=\/wp\/v2\/users\/1"}],"replies":[{"embeddable":true,"href":"https:\/\/poesiaobscena.com.br\/index.php?rest_route=%2Fwp%2Fv2%2Fcomments&post=171"}],"version-history":[{"count":1,"href":"https:\/\/poesiaobscena.com.br\/index.php?rest_route=\/wp\/v2\/posts\/171\/revisions"}],"predecessor-version":[{"id":172,"href":"https:\/\/poesiaobscena.com.br\/index.php?rest_route=\/wp\/v2\/posts\/171\/revisions\/172"}],"wp:attachment":[{"href":"https:\/\/poesiaobscena.com.br\/index.php?rest_route=%2Fwp%2Fv2%2Fmedia&parent=171"}],"wp:term":[{"taxonomy":"category","embeddable":true,"href":"https:\/\/poesiaobscena.com.br\/index.php?rest_route=%2Fwp%2Fv2%2Fcategories&post=171"},{"taxonomy":"post_tag","embeddable":true,"href":"https:\/\/poesiaobscena.com.br\/index.php?rest_route=%2Fwp%2Fv2%2Ftags&post=171"}],"curies":[{"name":"wp","href":"https:\/\/api.w.org\/{rel}","templated":true}]}}