{"id":173,"date":"2026-03-21T17:57:05","date_gmt":"2026-03-21T17:57:05","guid":{"rendered":"https:\/\/poesiaobscena.com.br\/?p=173"},"modified":"2026-03-21T17:57:05","modified_gmt":"2026-03-21T17:57:05","slug":"basta-amor-que-adentre-minha-lingua-teu-cuzinho","status":"publish","type":"post","link":"https:\/\/poesiaobscena.com.br\/?p=173","title":{"rendered":"BASTA, AMOR, QUE ADENTRE MINHA L\u00cdNGUA TEU CUZINHO"},"content":{"rendered":"\n<p class=\"has-drop-cap\">basta, amor, que adentre minha l\u00edngua teu cuzinho<br>para sentir teu del\u00edrio contra\u00eddo em tr\u00eamulo gemido<br>quando al\u00e9m aliso a \u00e2nsia de teu priquito<br>e se de tua boca meu pau retiro<br>\u00e9 para que teu gozo transborde em grito<\/p>\n","protected":false},"excerpt":{"rendered":"<p>basta, amor, que adentre minha l\u00edngua teu cuzinhopara sentir teu del\u00edrio contra\u00eddo em tr\u00eamulo gemidoquando al\u00e9m aliso a \u00e2nsia de teu priquitoe se de tua boca meu pau retiro\u00e9 para que teu gozo transborde em grito<\/p>\n","protected":false},"author":1,"featured_media":0,"comment_status":"open","ping_status":"open","sticky":false,"template":"","format":"standard","meta":[],"categories":[2],"tags":[],"_links":{"self":[{"href":"https:\/\/poesiaobscena.com.br\/index.php?rest_route=\/wp\/v2\/posts\/173"}],"collection":[{"href":"https:\/\/poesiaobscena.com.br\/index.php?rest_route=\/wp\/v2\/posts"}],"about":[{"href":"https:\/\/poesiaobscena.com.br\/index.php?rest_route=\/wp\/v2\/types\/post"}],"author":[{"embeddable":true,"href":"https:\/\/poesiaobscena.com.br\/index.php?rest_route=\/wp\/v2\/users\/1"}],"replies":[{"embeddable":true,"href":"https:\/\/poesiaobscena.com.br\/index.php?rest_route=%2Fwp%2Fv2%2Fcomments&post=173"}],"version-history":[{"count":1,"href":"https:\/\/poesiaobscena.com.br\/index.php?rest_route=\/wp\/v2\/posts\/173\/revisions"}],"predecessor-version":[{"id":174,"href":"https:\/\/poesiaobscena.com.br\/index.php?rest_route=\/wp\/v2\/posts\/173\/revisions\/174"}],"wp:attachment":[{"href":"https:\/\/poesiaobscena.com.br\/index.php?rest_route=%2Fwp%2Fv2%2Fmedia&parent=173"}],"wp:term":[{"taxonomy":"category","embeddable":true,"href":"https:\/\/poesiaobscena.com.br\/index.php?rest_route=%2Fwp%2Fv2%2Fcategories&post=173"},{"taxonomy":"post_tag","embeddable":true,"href":"https:\/\/poesiaobscena.com.br\/index.php?rest_route=%2Fwp%2Fv2%2Ftags&post=173"}],"curies":[{"name":"wp","href":"https:\/\/api.w.org\/{rel}","templated":true}]}}