{"id":175,"date":"2026-03-21T17:59:35","date_gmt":"2026-03-21T17:59:35","guid":{"rendered":"https:\/\/poesiaobscena.com.br\/?p=175"},"modified":"2026-03-21T17:59:35","modified_gmt":"2026-03-21T17:59:35","slug":"olhar-tua-nudez-lasciva","status":"publish","type":"post","link":"https:\/\/poesiaobscena.com.br\/?p=175","title":{"rendered":"OLHAR TUA NUDEZ LASCIVA"},"content":{"rendered":"\n<p class=\"has-drop-cap\">olhar tua nudez lasciva j\u00e1 seria foder-te<br>inteiramente no intenso del\u00edrio ocular<br>quando abres as pernas e revelas<br>tua perfeita ess\u00eancia como um \u00f3sculo<br>invadindo em transe as minhas retinas<\/p>\n","protected":false},"excerpt":{"rendered":"<p>olhar tua nudez lasciva j\u00e1 seria foder-teinteiramente no intenso del\u00edrio ocularquando abres as pernas e revelastua perfeita ess\u00eancia como um \u00f3sculoinvadindo em transe as minhas retinas<\/p>\n","protected":false},"author":1,"featured_media":0,"comment_status":"open","ping_status":"open","sticky":false,"template":"","format":"standard","meta":[],"categories":[2],"tags":[],"_links":{"self":[{"href":"https:\/\/poesiaobscena.com.br\/index.php?rest_route=\/wp\/v2\/posts\/175"}],"collection":[{"href":"https:\/\/poesiaobscena.com.br\/index.php?rest_route=\/wp\/v2\/posts"}],"about":[{"href":"https:\/\/poesiaobscena.com.br\/index.php?rest_route=\/wp\/v2\/types\/post"}],"author":[{"embeddable":true,"href":"https:\/\/poesiaobscena.com.br\/index.php?rest_route=\/wp\/v2\/users\/1"}],"replies":[{"embeddable":true,"href":"https:\/\/poesiaobscena.com.br\/index.php?rest_route=%2Fwp%2Fv2%2Fcomments&post=175"}],"version-history":[{"count":1,"href":"https:\/\/poesiaobscena.com.br\/index.php?rest_route=\/wp\/v2\/posts\/175\/revisions"}],"predecessor-version":[{"id":176,"href":"https:\/\/poesiaobscena.com.br\/index.php?rest_route=\/wp\/v2\/posts\/175\/revisions\/176"}],"wp:attachment":[{"href":"https:\/\/poesiaobscena.com.br\/index.php?rest_route=%2Fwp%2Fv2%2Fmedia&parent=175"}],"wp:term":[{"taxonomy":"category","embeddable":true,"href":"https:\/\/poesiaobscena.com.br\/index.php?rest_route=%2Fwp%2Fv2%2Fcategories&post=175"},{"taxonomy":"post_tag","embeddable":true,"href":"https:\/\/poesiaobscena.com.br\/index.php?rest_route=%2Fwp%2Fv2%2Ftags&post=175"}],"curies":[{"name":"wp","href":"https:\/\/api.w.org\/{rel}","templated":true}]}}